{"id":106,"date":"2020-09-06T16:15:07","date_gmt":"2020-09-06T16:15:07","guid":{"rendered":"https:\/\/www.dus2030.de\/?p=106"},"modified":"2020-09-06T17:09:09","modified_gmt":"2020-09-06T17:09:09","slug":"wahlpruefsteine-gll-duesseldorf-e-v","status":"publish","type":"post","link":"https:\/\/www.dus2030.de\/index.php\/2020\/09\/06\/wahlpruefsteine-gll-duesseldorf-e-v\/","title":{"rendered":"Wahlpr\u00fcfsteine \u2013 GLL D\u00fcsseldorf e.V."},"content":{"rendered":"\n<div class=\"wp-block-image\"><figure class=\"alignright\"><a href=\"http:\/\/blog.piratenpartei-nrw.de\/duesseldorf\/logo_inklusion\/\"><img decoding=\"async\" src=\"http:\/\/blog.piratenpartei-nrw.de\/duesseldorf\/files\/2020\/09\/logo_inklusion.png\" alt=\"\" class=\"wp-image-4891\"\/><\/a><\/figure><\/div>\n\n\n\n<p>Im Rahmen der anstehenden Wahlen am 13.9.2020 in D\u00fcsseldorf haben wir eine gr\u00f6\u00dfere Anzahl an Wahlpr\u00fcfsteinen von Vereinen und Organisationen beantwortet, die wir zus\u00e4tzlich bei uns ebenfalls nochmal ver\u00f6ffentlichen.<\/p>\n\n\n\n<p>Der Verein GLL D\u00fcsseldorf e.V. \u2013 Gemeinsames Leben und Lernen in D\u00fcsseldorf hat an unseren OB-Kandidaten separat vier Fragen gesandt, die wir aber auch als PIRATEN in D\u00fcsseldorf mittragen k\u00f6nnen.<\/p>\n\n\n\n<p>Das Motto der Wahlpr\u00fcfsteine lautet: &#8222;Die Stadt D\u00fcsseldorf als Wegbereiterin und Vorbild f\u00fcr Inklusion&#8220; \u2013 somit ist auch der Fokus klar.<\/p>\n\n\n\n<h2 class=\"wp-block-heading\" id=\"magicdomid39\">1. \u00d6ffentlichkeitsarbeit<\/h2>\n\n\n\n<p><strong>Art. 8 der UN-Behindertenrechtskonvention behandelt die Bewusstseinsbildung. Gerade auch Kommunen sind hier gefordert und k\u00f6nnen einen wertvollen Beitrag leisten. Wie m\u00f6chten Sie dieses Thema angehen?<\/strong><\/p>\n\n\n\n<h3 class=\"wp-block-heading\">Unsere Antwort:<\/h3>\n\n\n\n<p>Seit 2013 ist die Umsetzung der UN-Behindertenrechtskonvention bei den PIRATEN in NRW ein grunds\u00e4tzliches Ziel. Als kleinste Partei im D\u00fcsseldorfer Rat ist auch zuk\u00fcnftig das best\u00e4ndige Hinweisen auf Minderheitenrechte zum Schutz der Menschen ein Grundsatz. Mit nur einem Sitz im Rat nicht antragsf\u00e4hig zu sein, ist nicht gerade leicht \u2013 ein zus\u00e4tzlicher Oberb\u00fcrgermeister der PIRATEN kann hier entsprechend besser auch einen Minderheitenschutz in der Stadtgemeinschaft platzieren. Ihr Anliegen ist \u00fcbrigensauch Bestandteil unserer landesweit g\u00fcltigen Positionen der PIRATEN NRW: <a href=\"https:\/\/www.piratenpartei-nrw.de\/2013\/05\/20\/positionspapier-un-behindertenrechtskonvention\/\">https:\/\/www.piratenpartei-nrw.de\/2013\/05\/20\/positionspapier-un-behindertenrechtskonvention\/<\/a><\/p>\n\n\n\n<h2 class=\"wp-block-heading\" id=\"magicdomid47\">2. Verwaltung inklusiv gestalten<\/h2>\n\n\n\n<p><strong>Welche Aktivit\u00e4ten haben Sie geplant, um das Bewusstsein f\u00fcr Menschen mit Beeintr\u00e4chtigung in der Verwaltung zu erh\u00f6hen? Wie soll aus ihrer Sicht gew\u00e4hrleistet werden, dass die Belange von Menschen mit Beeintr\u00e4chtigung bei allen Verwaltungsvorg\u00e4ngen mit gedacht werden?<\/strong><\/p>\n\n\n\n<h3 class=\"wp-block-heading\">Unsere Antwort:<\/h3>\n\n\n\n<p>Die Problematik f\u00e4ngt bereits auf den Informationsseiten der Stadt D\u00fcsseldorf und den entsprechenden Gremien an. Die &#8222;Fachstelle f\u00fcr behinderte Menschen&#8220; der Stadt ist das bekannteste Beispiel f\u00fcr Diskriminierung, die von der Stadt gef\u00f6rdert wird.&nbsp;Es&nbsp;muss&nbsp;vielmehr und&nbsp;prinzipiell ein inklusiver Gedanke durch alle Beh\u00f6rdenzweige der Verwaltung etabliert werden. Eine Pr\u00fcfung&nbsp;\u00fcber s\u00e4mtliche bestehenden Prozesse innerhalb der Verwaltung mit Blick auf die Ber\u00fccksichtigung der Belange von Menschen mit Beeintr\u00e4chtigungen k\u00f6nnte hier als Einstieg&nbsp;einer Anerkenntnis der F\u00f6rderung dienen.<\/p>\n\n\n\n<h2 class=\"wp-block-heading\">3. Stadt D\u00fcsseldorf als Arbeitgeberin<\/h2>\n\n\n\n<p><strong>Wie hoch ist der Anteil der Besch\u00e4ftigten mit einer schweren Beeintr\u00e4chtigung in der Stadt D\u00fcsseldorf?<\/strong><\/p>\n\n\n\n<h3 class=\"wp-block-heading\">Unsere Antwort:<\/h3>\n\n\n\n<p>Diese Frage k\u00f6nnen wir spontan nicht beantworten \u2013 sie l\u00e4sst sich mit Sicherheit im Laufe der Woche noch kl\u00e4ren. Die korrekte Antwort sollte hingegen zum Bestandteil der j\u00e4hrlichen Statistik der Stadt und des Landes werden, um die Probleme der Inklusion zus\u00e4tzlich transparent abbilden zu k\u00f6nnen.<\/p>\n\n\n\n<h2 class=\"wp-block-heading\">3.1 Unterfrage<\/h2>\n\n\n\n<p><strong>In den n\u00e4chsten Jahren werden immer mehr Sch\u00fclerinnen und Sch\u00fcler, die inklusiv beschult wurden, ihre Schulzeit beenden, viele auch ohne regul\u00e4ren Schulabschluss. Welche M\u00f6glichkeiten sehen Sie, diesen Jugendlichen bei der Stadt D\u00fcsseldorf als Arbeitgeberin im Bereich Ausbildung und Arbeitsstelle weiter zu helfen?<\/strong><\/p>\n\n\n\n<h3 class=\"wp-block-heading\">Unsere Antwort:<\/h3>\n\n\n\n<p>F\u00fcr alle Lebenslagen muss die Stadt D\u00fcsseldorf entsprechend der Vorgaben der EU-g\u00fcltigen Ausschreibungen maximal darauf achten, dass die entsprechenden Gremien f\u00fcr Einstellungen genau diesen Vorgaben Folge leisten. Sollte die Stadt hierbei diese Aspekte der Inklusion nicht ausreichend ber\u00fccksichtigen, ist innerhalb der Verwaltung entsprechend mit Fortbildungen im ersten und gegebenenfalls sogar mit Sanktionen im zweiten Schritt&nbsp;zu handeln.<\/p>\n\n\n\n<h2 class=\"wp-block-heading\" id=\"magicdomid71\">4. Masterplan Inklusive Sportvereine<\/h2>\n\n\n\n<p><strong>Sportvereine werden zu Recht finanziell besonders unterst\u00fctzt. Allerdings mangelt es sowohl an (offen kommunizierten) inklusiven Sportangeboten als auch an Fortbildungsangeboten f\u00fcr \u00dcbungsleiter*innen in diesem Bereich. Wie m\u00f6chten Sie diese Situation f\u00fcr Menschen mit Beeintr\u00e4chtigung verbessern?<\/strong><\/p>\n\n\n\n<h3 class=\"wp-block-heading\">Unsere Antwort:<\/h3>\n\n\n\n<p>Durch Covid\u201319 m\u00fcssen wir alle gemeinsam&nbsp;noch&nbsp;gezielter pr\u00fcfen, wo wir wie welche Vereine inklusiv f\u00f6rdern m\u00fcssen \u2013 inklusive eines Schutzes f\u00fcr Benachteiligte. Die allgemein bekannte Sportf\u00f6rderung bezieht sich in der Regel nur auf den Breitensport (und das wird auch offen kommuniziert). In den Bereichen, die massiv Gelder f\u00fcr die Stadt einbringen k\u00f6nnten, muss angesichts der anstehenden Bewerbung zur Olympiade 2032 die Gelegenheit ergriffen werden, die gesellschaftlich positiven Aspekte der Paralympische Spiele maximal in den Vordergrund zu stellen, um alle Benachteiligten nicht nur w\u00f6rtlich, sondern auch finanziell zu f\u00f6rdern.<\/p>\n\n\n\n<p>Diese Teilnahme zu Olympia 2032 muss aus unserer Sicht die B\u00fcrgerschaft entscheiden \u2013 wir alle m\u00fcssen also entsprechend informieren.&nbsp;<\/p>\n\n\n\n<p>Hinsichtlich eines breiteren Angebotes von Fortbildungen f\u00fcr \u00dcbungsleiter*innen (insbesondere in Zeiten der Pandemie) kann initial eine Serie von Workshops&nbsp;durchgef\u00fchrt werden. Diese w\u00e4ren&nbsp;durch die Stadtverwaltung&nbsp;moderiert&nbsp;durchzuf\u00fchren. Sowohl&nbsp;in Betracht&nbsp;der&nbsp;Bedarfe der Sportler*innen, der k\u00fcnftigen Sportler*innen und der \u00dcbungsleiter*innen; geb\u00fcndelt erfasst und&nbsp;massiv&nbsp;bewusst niedrigschwellige Angebote zur Fortbildung schaffend (barrierefreie Webinare und Informationsplattformen).<\/p>\n\n\n\n<p>Das ist sehr abstrakt \u2013 aber machbar zur Beteiligung aller im Sportwesen.<\/p>\n\n\n\n<p><a rel=\"noreferrer noopener\" href=\"https:\/\/inklusion-duesseldorf.de\/\" target=\"_blank\">Zur Seite des GLL D\u00fcsseldorf e.V.<\/a>&nbsp;<\/p>\n","protected":false},"excerpt":{"rendered":"<p>Im Rahmen der anstehenden Wahlen am 13.9.2020 in D\u00fcsseldorf haben wir eine gr\u00f6\u00dfere Anzahl an Wahlpr\u00fcfsteinen von Vereinen und Organisationen beantwortet, die wir zus\u00e4tzlich bei uns ebenfalls nochmal ver\u00f6ffentlichen. Der Verein GLL D\u00fcsseldorf e.V. \u2013 Gemeinsames Leben und Lernen in D\u00fcsseldorf hat an unseren OB-Kandidaten separat vier Fragen gesandt, die wir aber auch als PIRATEN [&hellip;]<\/p>\n","protected":false},"author":2,"featured_media":107,"comment_status":"open","ping_status":"closed","sticky":false,"template":"","format":"standard","meta":{"footnotes":""},"categories":[6],"tags":[],"class_list":["post-106","post","type-post","status-publish","format-standard","has-post-thumbnail","hentry","category-wahlpruefstein"],"_links":{"self":[{"href":"https:\/\/www.dus2030.de\/index.php\/wp-json\/wp\/v2\/posts\/106","targetHints":{"allow":["GET"]}}],"collection":[{"href":"https:\/\/www.dus2030.de\/index.php\/wp-json\/wp\/v2\/posts"}],"about":[{"href":"https:\/\/www.dus2030.de\/index.php\/wp-json\/wp\/v2\/types\/post"}],"author":[{"embeddable":true,"href":"https:\/\/www.dus2030.de\/index.php\/wp-json\/wp\/v2\/users\/2"}],"replies":[{"embeddable":true,"href":"https:\/\/www.dus2030.de\/index.php\/wp-json\/wp\/v2\/comments?post=106"}],"version-history":[{"count":3,"href":"https:\/\/www.dus2030.de\/index.php\/wp-json\/wp\/v2\/posts\/106\/revisions"}],"predecessor-version":[{"id":113,"href":"https:\/\/www.dus2030.de\/index.php\/wp-json\/wp\/v2\/posts\/106\/revisions\/113"}],"wp:featuredmedia":[{"embeddable":true,"href":"https:\/\/www.dus2030.de\/index.php\/wp-json\/wp\/v2\/media\/107"}],"wp:attachment":[{"href":"https:\/\/www.dus2030.de\/index.php\/wp-json\/wp\/v2\/media?parent=106"}],"wp:term":[{"taxonomy":"category","embeddable":true,"href":"https:\/\/www.dus2030.de\/index.php\/wp-json\/wp\/v2\/categories?post=106"},{"taxonomy":"post_tag","embeddable":true,"href":"https:\/\/www.dus2030.de\/index.php\/wp-json\/wp\/v2\/tags?post=106"}],"curies":[{"name":"wp","href":"https:\/\/api.w.org\/{rel}","templated":true}]}}