{"id":117,"date":"2020-09-06T17:52:07","date_gmt":"2020-09-06T17:52:07","guid":{"rendered":"https:\/\/www.dus2030.de\/?p=117"},"modified":"2020-09-06T17:52:07","modified_gmt":"2020-09-06T17:52:07","slug":"wahlpruefsteine-terre-des-femmes","status":"publish","type":"post","link":"https:\/\/www.dus2030.de\/index.php\/2020\/09\/06\/wahlpruefsteine-terre-des-femmes\/","title":{"rendered":"Wahlpr\u00fcfsteine \u2013 Terre des Femmes"},"content":{"rendered":"\n<p><img loading=\"lazy\" decoding=\"async\" width=\"300\" height=\"108\" class=\"wp-image-118\" style=\"width: 300px;\" src=\"https:\/\/www.dus2030.de\/wp-content\/uploads\/2020\/09\/3f849fb0e6bc685aa8b322ccc9a0ac4b_tdflogoheader.png\" alt=\"\">Im Rahmen der anstehenden Wahlen am 13.9.2020 in D\u00fcsseldorf haben wir eine gr\u00f6\u00dfere Anzahl an Wahlpr\u00fcfsteinen von Vereinen und Organisationen beantwortet, die wir zus\u00e4tzlich bei uns ebenfalls nochmal ver\u00f6ffentlichen.<\/p>\n\n\n\n<p>Die Ortgruppe des 1981 in Hamburg gegr\u00fcndeten Vereins Terre des Femmes hat sich mit zwei Fragen an unseren Spitzenkandidaten Frank Eiself Grenda gewandt, dessen Beantwortung wir gemeinsam ausgearbeitet haben.<\/p>\n\n\n\n<h2 class=\"wp-block-heading\">Sind auch Sie bereit, sich f\u00fcr eine Ver\u00e4nderung und f\u00fcr die Einf\u00fchrung des Nordischen Modells in Deutschland einzusetzen?<\/h2>\n\n\n\n<h3 class=\"wp-block-heading\">Unsere Antwort:<\/h3>\n\n\n\n<p>Zum Schutz der Sexarbeiter*innen m\u00fcssen gerade unter den versch\u00e4rften Bedingungen zu Covid-19-Zeiten, die einem Berufsverbot entsprechen, die Ma\u00dfnahmen, Umst\u00e4nde und M\u00f6glichkeiten des Gewerbes grunds\u00e4tzlich gepr\u00fcft werden.<\/p>\n\n\n\n<p>Mit Einf\u00fchrung des Prostitutionsschutzgesetzes 2017 gilt es best\u00e4ndig zu pr\u00fcfen, ob und in wie weit selbstbestimmte Sexarbeiter*innen, Repressionen unterworfen sind.<\/p>\n\n\n\n<p>Das &#8222;nordische Modell&#8220;, welches auch EU-weit nach dem &#8222;schwedischen Modell&#8220; propagiert wird, ist eine nicht unumstrittene Ma\u00dfnahme auch innerhalb der verschiedenen Organisationen der Sexarbeiter*innen, da gerade in Deutschland\u2013 hier in NRW, sehr gerne &#8218;unn\u00f6tige&#8216; Daten verpflichtend erhoben werden.<\/p>\n\n\n\n<p>Eine reine Strafverfolgung von Freiern nach &#8222;nordischem Modell&#8220; kann nachweislich dokumentiert dazu f\u00fchren, dass neben einer &#8218;registrierten&#8216; Prostitution ein neuer &#8218;Schwarzmarkt&#8216; entsteht und gef\u00f6rdert wird, der die Rechte der Sexarbeitenden soweit einschr\u00e4nkt, dass diese zur\u00fcck in eine Illegalit\u00e4t gezwungen werden.<\/p>\n\n\n\n<p>Die aktuellen Ma\u00dfnahmen gegen die Ausbreitung von COVID\u201419 mit einem konsequenten Berufsverbot sind hier nicht hilfreich.<\/p>\n\n\n\n<p>Von daher setzen wir uns nicht nur akut sondern prinzipiell f\u00fcr eine gewerbsm\u00e4\u00dfige Freigabe des gleichberechtigten Prostitutionsrechts f\u00fcr alle Beteiligten ein, um selbstbestimmte Sexarbeitende zu sch\u00fctzen und Dunkelfelder im Bereich der Prostitution wie Menschenhandel und Missbrauch vorzubeugen.<\/p>\n\n\n\n<h2 class=\"wp-block-heading\">Welche konkreten Ma\u00dfnahmen in D\u00fcsseldorf k\u00f6nnen Sie sich hierf\u00fcr vorstellen?<\/h2>\n\n\n\n<h3 class=\"wp-block-heading\">Unsere Antwort:<\/h3>\n\n\n\n<p>Entgegen Ihres Vorschlags geht es derzeit um eine grunds\u00e4tzliche Wiedererm\u00f6glichung des selbstbestimmten Angebots zur Prostitutionsteilhabe unter Kontrolle der Sexarbeiter*innen.<\/p>\n\n\n\n<p>Angefangen vom registrierungspflichtigen Betrieb von Studios zur Disziplinierung mit Maskenpflicht (die wissen was sie tun) bis hin zur mobilen Prostitutionsst\u00e4tte im Campingwagen (die auch wissen, was sie tun), um ein Abdriften in den unkontrollierbaren Bereich der h\u00e4uslichen Prostitution zu mindern.<\/p>\n\n\n\n<h3 class=\"wp-block-heading\">Nachtr\u00e4gliche Anmerkung<\/h3>\n\n\n\n<p>Was wir brauchen, ist ein Grundverst\u00e4ndnis f\u00fcr Sexarbeitende und Freiende zum Thema Prostitution, um zu verhindern, dass das Gewerbe wieder ins Dunkelfeld f\u00fcr massivsten Missbrauch rutscht. Der Missbrauch diesbez\u00fcglich \u00fcbertrifft mit dem derzeitigen grunds\u00e4tzlichen Aus\u00fcbungsverbot alles, was es geben kann \u2013 bis hin zu Insolvenzen von Prostitutionsst\u00e4tten. Diese Situation wird mittlerweile in erzkonservativen Kreisen genutzt, um ein totales Verbot der Prositution durchsetzen zu wollen. Dies muss unter allen Umst\u00e4nden in einer freien Gesellschaft verhindert werden.<\/p>\n\n\n\n<p>Zum Angebot von &#8222;<a href=\"https:\/\/www.frauenrechte.de\/ueberuns\/gremien\/staedtegruppen\/staedtegruppenuebersicht\/duesseldorf\" target=\"_blank\" rel=\"noreferrer noopener\">Terre des Femmes \u2013 Menschenrechte f\u00fcr die Frau e.V.<\/a>&#8222;<\/p>\n","protected":false},"excerpt":{"rendered":"<p>Im Rahmen der anstehenden Wahlen am 13.9.2020 in D\u00fcsseldorf haben wir eine gr\u00f6\u00dfere Anzahl an Wahlpr\u00fcfsteinen von Vereinen und Organisationen beantwortet, die wir zus\u00e4tzlich bei uns ebenfalls nochmal ver\u00f6ffentlichen. Die Ortgruppe des 1981 in Hamburg gegr\u00fcndeten Vereins Terre des Femmes hat sich mit zwei Fragen an unseren Spitzenkandidaten Frank Eiself Grenda gewandt, dessen Beantwortung wir [&hellip;]<\/p>\n","protected":false},"author":2,"featured_media":119,"comment_status":"open","ping_status":"closed","sticky":false,"template":"","format":"standard","meta":{"footnotes":""},"categories":[6],"tags":[],"class_list":["post-117","post","type-post","status-publish","format-standard","has-post-thumbnail","hentry","category-wahlpruefstein"],"_links":{"self":[{"href":"https:\/\/www.dus2030.de\/index.php\/wp-json\/wp\/v2\/posts\/117","targetHints":{"allow":["GET"]}}],"collection":[{"href":"https:\/\/www.dus2030.de\/index.php\/wp-json\/wp\/v2\/posts"}],"about":[{"href":"https:\/\/www.dus2030.de\/index.php\/wp-json\/wp\/v2\/types\/post"}],"author":[{"embeddable":true,"href":"https:\/\/www.dus2030.de\/index.php\/wp-json\/wp\/v2\/users\/2"}],"replies":[{"embeddable":true,"href":"https:\/\/www.dus2030.de\/index.php\/wp-json\/wp\/v2\/comments?post=117"}],"version-history":[{"count":1,"href":"https:\/\/www.dus2030.de\/index.php\/wp-json\/wp\/v2\/posts\/117\/revisions"}],"predecessor-version":[{"id":120,"href":"https:\/\/www.dus2030.de\/index.php\/wp-json\/wp\/v2\/posts\/117\/revisions\/120"}],"wp:featuredmedia":[{"embeddable":true,"href":"https:\/\/www.dus2030.de\/index.php\/wp-json\/wp\/v2\/media\/119"}],"wp:attachment":[{"href":"https:\/\/www.dus2030.de\/index.php\/wp-json\/wp\/v2\/media?parent=117"}],"wp:term":[{"taxonomy":"category","embeddable":true,"href":"https:\/\/www.dus2030.de\/index.php\/wp-json\/wp\/v2\/categories?post=117"},{"taxonomy":"post_tag","embeddable":true,"href":"https:\/\/www.dus2030.de\/index.php\/wp-json\/wp\/v2\/tags?post=117"}],"curies":[{"name":"wp","href":"https:\/\/api.w.org\/{rel}","templated":true}]}}